{"id":661,"date":"2016-03-14T17:06:39","date_gmt":"2016-03-14T19:06:39","guid":{"rendered":"http:\/\/www.saintmaurautrement.com\/?p=661"},"modified":"2018-08-05T12:48:01","modified_gmt":"2018-08-05T14:48:01","slug":"lepopee-dun-francais-libre-racontait-aux-3emes","status":"publish","type":"post","link":"https:\/\/www.saintmaurautrement.com\/?p=661","title":{"rendered":"L&rsquo;\u00e9pop\u00e9e d&rsquo;un Fran\u00e7ais Libre racont\u00e9e aux 3\u00e8mes"},"content":{"rendered":"<p><em><a href=\"https:\/\/www.saintmaurautrement.com\/wp-content\/uploads\/2015\/03\/couverture-livre.jpg\"><img decoding=\"async\" loading=\"lazy\" class=\" wp-image-669 alignleft\" src=\"https:\/\/www.saintmaurautrement.com\/wp-content\/uploads\/2015\/03\/couverture-livre-300x382.jpg\" alt=\"couverture livre\" width=\"113\" height=\"144\" \/><\/a><\/em><em>Ce lundi 14\u00a0 mars, les \u00e9l\u00e8ves de 3\u00e8mes ont re\u00e7u la visite du colonel Achille Muller, membre des forces fran\u00e7aises libres et acteur du d\u00e9barquement de Normandie. Cette rencontre s&rsquo;inscrivait dans le cadre de la le\u00e7on \u00ab\u00a0La France pendant la guerre 1940-1946, effondrement et refondation r\u00e9publicaine\u00a0\u00bb (<a title=\"3\u00e8me \u2013 La France pendant la Seconde Guerre Mondiale\" href=\"https:\/\/www.saintmaurautrement.com\/?p=494\">le d<\/a><a href=\"https:\/\/www.saintmaurautrement.com\/wp-content\/uploads\/2015\/03\/Rencontre-avec-Achille-Muller.pptx\">iaporama<\/a>\u00a0 projet\u00e9 pendant l&rsquo;intervention et la <a href=\"https:\/\/www.saintmaurautrement.com\/wp-content\/uploads\/2015\/03\/fiche-activit\u00e9-ACHILLE-MULLER.pdf\">fiche activit\u00e9<\/a>\u00a0 \u00e0 compl\u00e9ter).<\/em><\/p>\n<p>C\u2019est \u00e0 l\u2019initiative de leurs professeurs d\u2019Histoire et avec le concours amical de Jean Matheu, repr\u00e9sentant dans le d\u00e9partement de l\u2019association pour la m\u00e9moire de la France Libre, que les 90 \u00e9l\u00e8ves de 3<sup>\u00e8me<\/sup> du coll\u00e8ge\u00a0 ont pu rencontrer et \u00e9changer avec le colonel Achille Muller, v\u00e9ritable h\u00e9ros de la Seconde Guerre Mondiale, grand officier de la L\u00e9gion d&rsquo;honneur, Croix de Guerre 39-45 et m\u00e9daill\u00e9 de la R\u00e9sistance.<a href=\"https:\/\/www.saintmaurautrement.com\/wp-content\/uploads\/2016\/03\/IMG_20160314_155315.jpg\"><img decoding=\"async\" loading=\"lazy\" class=\"size-thumbnail wp-image-2424 aligncenter\" src=\"https:\/\/www.saintmaurautrement.com\/wp-content\/uploads\/2016\/03\/IMG_20160314_155315-300x169.jpg\" alt=\"IMG_20160314_155315\" width=\"300\" height=\"169\" srcset=\"https:\/\/www.saintmaurautrement.com\/wp-content\/uploads\/2016\/03\/IMG_20160314_155315-300x169.jpg 300w, https:\/\/www.saintmaurautrement.com\/wp-content\/uploads\/2016\/03\/IMG_20160314_155315-620x349.jpg 620w, https:\/\/www.saintmaurautrement.com\/wp-content\/uploads\/2016\/03\/IMG_20160314_155315-940x529.jpg 940w\" sizes=\"(max-width: 300px) 100vw, 300px\" \/><\/a><\/p>\n<p><a href=\"https:\/\/www.saintmaurautrement.com\/wp-content\/uploads\/2015\/03\/v\u00e9lo.jpg\"><img decoding=\"async\" loading=\"lazy\" class=\"alignright wp-image-666\" src=\"https:\/\/www.saintmaurautrement.com\/wp-content\/uploads\/2015\/03\/v\u00e9lo-300x380.jpg\" alt=\"v\u00e9lo\" width=\"266\" height=\"337\" srcset=\"https:\/\/www.saintmaurautrement.com\/wp-content\/uploads\/2015\/03\/v\u00e9lo-300x380.jpg 300w, https:\/\/www.saintmaurautrement.com\/wp-content\/uploads\/2015\/03\/v\u00e9lo.jpg 446w\" sizes=\"(max-width: 266px) 100vw, 266px\" \/><\/a>Le 14 juillet 1942, \u00e0 17 ans, Achille Muller refuse l\u2019incorporation forc\u00e9e dans l\u2019arm\u00e9e allemande et quitte Forbach et sa Lorraine natale annex\u00e9e par l\u2019Allemagne nazie depuis la d\u00e9faite de 1940. Un choix difficile \u00e0 faire \u00e0 cet \u00e2ge qu\u2019il justifie par une conviction profonde \u00ab\u00a0 je suis n\u00e9 fran\u00e7ais, fran\u00e7ais je resterai\u00a0\u00bb. Il d\u00e9cide donc de rejoindre Londres et les Forces Fran\u00e7aises Libres du g\u00e9n\u00e9ral de Gaulle. Un p\u00e9riple de 10 mois en v\u00e9lo, \u00e0 pied et en train qui le conduiront \u00e0 Lyon en zone libre o\u00f9 il int\u00e8gre un r\u00e9seau de R\u00e9sistance puis Perpignan, la travers\u00e9e des cols pyr\u00e9n\u00e9ens dans la nuit du 1er janvier 1943, Madrid, Gibraltar o\u00f9 il s\u2019embarqua pour l\u2019Angleterre. Pr\u00e9sent\u00e9 au g\u00e9n\u00e9ral de Gaulle et faisant preuve d\u2019une d\u00e9termination \u00e0 toute \u00e9preuve, il int\u00e8gre les SAS (Special Air Service), un super-commando britannique de parachutistes charg\u00e9 essentiellement de sauter derri\u00e8re les lignes ennemies et dont la devise est \u00ab\u00a0qui ose gagne\u00a0\u00bb.<\/p>\n<p><a href=\"https:\/\/www.saintmaurautrement.com\/wp-content\/uploads\/2015\/03\/jeep-Achille-au-volant-entr\u00e9e-Vannes.jpg\"><img decoding=\"async\" loading=\"lazy\" class=\"alignright size-thumbnail wp-image-668\" src=\"https:\/\/www.saintmaurautrement.com\/wp-content\/uploads\/2015\/03\/jeep-Achille-au-volant-entr\u00e9e-Vannes-300x240.jpg\" alt=\"jeep Achille au volant entr\u00e9e Vannes\" width=\"300\" height=\"240\" srcset=\"https:\/\/www.saintmaurautrement.com\/wp-content\/uploads\/2015\/03\/jeep-Achille-au-volant-entr\u00e9e-Vannes-300x240.jpg 300w, https:\/\/www.saintmaurautrement.com\/wp-content\/uploads\/2015\/03\/jeep-Achille-au-volant-entr\u00e9e-Vannes-620x497.jpg 620w, https:\/\/www.saintmaurautrement.com\/wp-content\/uploads\/2015\/03\/jeep-Achille-au-volant-entr\u00e9e-Vannes.jpg 704w\" sizes=\"(max-width: 300px) 100vw, 300px\" \/><\/a>Dans la nuit du 5 au 6 juin 1944, c\u2019est en planeur \u2013 avec \u00e0 son bord une Jeep dont il est le conducteur\u00a0! &#8211; qu\u2019il se pose avec son unit\u00e9 en Bretagne pour faciliter le D\u00e9barquement de Normandie et barrer la route aux renforts allemands\u00a0: 600 hommes harc\u00e8lent et font face \u00e0 150\u00a0000 allemands. Sous les ordres du mar\u00e9chal Montgomery, Il participe \u00e0 la lib\u00e9ration de Vannes et d&rsquo;une partie de la Bretagne, avant d&rsquo;\u00eatre envoy\u00e9 dans le Sud-Ouest o\u00f9 son unit\u00e9 livrera 2 500 prisonniers aux soldats am\u00e9ricains. R\u00e9 embarqu\u00e9 \u00e0 la fin 1944, il sera encore une fois parachut\u00e9 sur la Hollande et contribua \u00e0 sa lib\u00e9ration avant de retrouver enfin sa famille en Lorraine \u00e0 la fin 1945.<\/p>\n<p><a href=\"https:\/\/www.saintmaurautrement.com\/wp-content\/uploads\/2016\/03\/IMG_20160314_155732.jpg\"><img decoding=\"async\" loading=\"lazy\" class=\"alignright size-thumbnail wp-image-2422\" src=\"https:\/\/www.saintmaurautrement.com\/wp-content\/uploads\/2016\/03\/IMG_20160314_155732-300x169.jpg\" alt=\"IMG_20160314_155732\" width=\"300\" height=\"169\" srcset=\"https:\/\/www.saintmaurautrement.com\/wp-content\/uploads\/2016\/03\/IMG_20160314_155732-300x169.jpg 300w, https:\/\/www.saintmaurautrement.com\/wp-content\/uploads\/2016\/03\/IMG_20160314_155732-620x349.jpg 620w, https:\/\/www.saintmaurautrement.com\/wp-content\/uploads\/2016\/03\/IMG_20160314_155732-940x529.jpg 940w\" sizes=\"(max-width: 300px) 100vw, 300px\" \/><\/a>Sa ville natale ne l\u2019a d\u2019ailleurs pas oubli\u00e9 puisqu\u2019en 2011, fait rarissime, Forbach lui a rendu hommage de son vivant en baptisant une place de la cit\u00e9 \u00abPlace du colonel Achille Muller\u00bb.<\/p>\n<p>Un t\u00e9moignage qui a \u00e9mu et suscit\u00e9 l\u2019int\u00e9r\u00eat des \u00e9l\u00e8ves qu\u2019Achille Muller a conclu par ses paroles. \u00ab\u00a0A la fin de la guerre, avec mes camarades, on se demandait ce qu\u2019on allait faire. Nous ne voulions plus de guerre entre la France et l\u2019Allemagne et entre les peuples europ\u00e9ens, alors on a d\u00e9cid\u00e9 de faire l\u2019Europe. N\u2019oubliez pas, vous les jeunes, de ne pas confondre patriotisme et nationalisme et de citer de Gaulle \u00ab\u00a0<em>Le patriotisme c\u2019est l\u2019amour de son pays. Le nationalisme, c\u2019est la haine des autres<\/em>\u00a0\u00bb\u00a0\u00bb.<a href=\"https:\/\/www.saintmaurautrement.com\/wp-content\/uploads\/2016\/03\/IMG_20160314_154641.jpg\"><img decoding=\"async\" loading=\"lazy\" class=\"size-thumbnail wp-image-2423 aligncenter\" src=\"https:\/\/www.saintmaurautrement.com\/wp-content\/uploads\/2016\/03\/IMG_20160314_154641-300x169.jpg\" alt=\"IMG_20160314_154641\" width=\"300\" height=\"169\" srcset=\"https:\/\/www.saintmaurautrement.com\/wp-content\/uploads\/2016\/03\/IMG_20160314_154641-300x169.jpg 300w, https:\/\/www.saintmaurautrement.com\/wp-content\/uploads\/2016\/03\/IMG_20160314_154641-620x349.jpg 620w, https:\/\/www.saintmaurautrement.com\/wp-content\/uploads\/2016\/03\/IMG_20160314_154641-940x529.jpg 940w\" sizes=\"(max-width: 300px) 100vw, 300px\" \/><\/a><\/p>\n","protected":false},"excerpt":{"rendered":"<p>Ce lundi 14\u00a0 mars, les \u00e9l\u00e8ves de 3\u00e8mes ont re\u00e7u la visite du colonel Achille Muller, membre des forces fran\u00e7aises libres et acteur du d\u00e9barquement de Normandie. Cette rencontre s&rsquo;inscrivait dans le cadre de la le\u00e7on \u00ab\u00a0La France pendant la guerre 1940-1946, effondrement et refondation r\u00e9publicaine\u00a0\u00bb (le diaporama\u00a0 projet\u00e9 pendant l&rsquo;intervention et la fiche activit\u00e9\u00a0 [&hellip;]<\/p>\n","protected":false},"author":1,"featured_media":669,"comment_status":"closed","ping_status":"closed","sticky":false,"template":"","format":"standard","meta":{"footnotes":""},"categories":[62],"tags":[],"_links":{"self":[{"href":"https:\/\/www.saintmaurautrement.com\/index.php?rest_route=\/wp\/v2\/posts\/661"}],"collection":[{"href":"https:\/\/www.saintmaurautrement.com\/index.php?rest_route=\/wp\/v2\/posts"}],"about":[{"href":"https:\/\/www.saintmaurautrement.com\/index.php?rest_route=\/wp\/v2\/types\/post"}],"author":[{"embeddable":true,"href":"https:\/\/www.saintmaurautrement.com\/index.php?rest_route=\/wp\/v2\/users\/1"}],"replies":[{"embeddable":true,"href":"https:\/\/www.saintmaurautrement.com\/index.php?rest_route=%2Fwp%2Fv2%2Fcomments&post=661"}],"version-history":[{"count":29,"href":"https:\/\/www.saintmaurautrement.com\/index.php?rest_route=\/wp\/v2\/posts\/661\/revisions"}],"predecessor-version":[{"id":2552,"href":"https:\/\/www.saintmaurautrement.com\/index.php?rest_route=\/wp\/v2\/posts\/661\/revisions\/2552"}],"wp:featuredmedia":[{"embeddable":true,"href":"https:\/\/www.saintmaurautrement.com\/index.php?rest_route=\/wp\/v2\/media\/669"}],"wp:attachment":[{"href":"https:\/\/www.saintmaurautrement.com\/index.php?rest_route=%2Fwp%2Fv2%2Fmedia&parent=661"}],"wp:term":[{"taxonomy":"category","embeddable":true,"href":"https:\/\/www.saintmaurautrement.com\/index.php?rest_route=%2Fwp%2Fv2%2Fcategories&post=661"},{"taxonomy":"post_tag","embeddable":true,"href":"https:\/\/www.saintmaurautrement.com\/index.php?rest_route=%2Fwp%2Fv2%2Ftags&post=661"}],"curies":[{"name":"wp","href":"https:\/\/api.w.org\/{rel}","templated":true}]}}