{"id":749,"date":"2026-03-21T08:37:00","date_gmt":"2026-03-21T06:37:00","guid":{"rendered":"http:\/\/www.saintmaurautrement.com\/?p=749"},"modified":"2026-03-23T14:31:33","modified_gmt":"2026-03-23T12:31:33","slug":"3eme-la-guerre-froide","status":"publish","type":"post","link":"https:\/\/www.saintmaurautrement.com\/?p=749","title":{"rendered":"3\u00e8me &#8211; La guerre froide"},"content":{"rendered":"\n<p class=\"has-text-align-center\"><span style=\"color: #ff0000;\"><strong>Chapitre 13 &#8211; Histoire : la guerre froide (1947-1991)<\/strong><\/span><\/p>\n\n\n\n<p><span style=\"color: #0000ff;\"><strong>Probl\u00e9matique du chapitre : <\/strong>Au lendemain de la Seconde Guerre Mondiale, comment l&rsquo;affrontement entre les \u00c9tats-Unis et l&rsquo;URSS conduit-il \u00e0 la division du monde en deux blocs oppos\u00e9s ?<\/span><\/p>\n\n\n\n<hr class=\"wp-block-separator has-alpha-channel-opacity\"\/>\n\n\n\n<p class=\"has-text-align-center\"><span style=\"color: #008000;\"><strong>AVANT DE COMMENCER<\/strong><\/span><\/p>\n\n\n\n<p><span style=\"text-decoration: underline;\"><span style=\"color: #0000ff; text-decoration: underline;\">Ce que j&rsquo;ai d\u00e9j\u00e0 \u00e9tudi\u00e9 en 3\u00e8me :<\/span><\/span><\/p>\n\n\n\n<ul>\n<li><span style=\"color: #0000ff;\">les r\u00e9volutions russes et la mise en place du r\u00e9gime communiste en URSS (<\/span><a href=\"https:\/\/www.saintmaurautrement.com\/?p=1788\" target=\"_blank\" rel=\"noopener noreferrer\">Civils et militaire pendant la GM1<\/a>)<\/li>\n\n\n\n<li><a href=\"https:\/\/www.saintmaurautrement.com\/?p=2084\" target=\"_blank\" rel=\"noopener noreferrer\">le r\u00e9gime totalitaire sovi\u00e9tique de Staline<\/a><\/li>\n\n\n\n<li><a href=\"https:\/\/www.saintmaurautrement.com\/?p=285\" target=\"_blank\" rel=\"noopener noreferrer\">la Seconde Guerre mondiale, une guerre d&rsquo;an\u00e9antissement<\/a><\/li>\n\n\n\n<li><a href=\"https:\/\/www.saintmaurautrement.com\/?p=3954\" target=\"_blank\" rel=\"noopener noreferrer\">la cr\u00e9ation de l&rsquo;ONU<\/a> <span style=\"color: #0000ff;\">et l&rsquo;espoir d&rsquo;un monde nouveau<\/span><\/li>\n<\/ul>\n\n\n\n<p><span style=\"color: #0000ff;\">Je prends connaissance de<\/span> <a href=\"https:\/\/www.saintmaurautrement.com\/wp-content\/uploads\/2020\/04\/Fiche-objectif-la-guerre-froide.pdf\" target=\"_blank\" rel=\"noopener noreferrer\">la fiche d&rsquo;objectif<\/a>&nbsp; <span style=\"color: #0000ff;\">de ce que je dois savoir et savoir faire \u00e0 la fin de ce chapitre.<\/span><\/p>\n\n\n\n<p><span style=\"color: #0000ff;\">La chaine \u00e9ducative<\/span> <a href=\"https:\/\/www.lumni.fr\/college\/troisieme\/histoire\/le-monde-depuis-1945\" target=\"_blank\" rel=\"noopener noreferrer\">lumni.fr<\/a> <span style=\"color: #0000ff;\">propose une le\u00e7on int\u00e9grale de 29 mn en cliquant sur ce lien<\/span> <a href=\"https:\/\/www.lumni.fr\/video\/la-guerre-froide\" target=\"_blank\" rel=\"noopener noreferrer\">https:\/\/www.lumni.fr\/video\/la-guerre-froide<\/a> <span style=\"color: #0000ff;\">&nbsp;Il y a d&rsquo;autres capsules vid\u00e9os associ\u00e9es dans la partie <strong>3\u00e8me &#8211; Histoire &#8211;<\/strong> <strong>Le monde puis 1945<\/strong> et les rubriques <strong>GEOPOLITICUS<\/strong>, <strong>Points de rep\u00e8res<\/strong> et <\/span><strong><span style=\"color: #0000ff;\">La grande explication.<\/span><\/strong><\/p>\n\n\n\n<hr class=\"wp-block-separator has-alpha-channel-opacity\"\/>\n\n\n\n<p class=\"has-text-align-center\"><span style=\"color: #008000;\"><strong>&nbsp;MON PLAN DE TRAVAIL ET D&rsquo;APPRENTISSAGE<br><\/strong><\/span><\/p>\n\n\n\n<p><span style=\"color: #ff0000;\"><strong>I. La naissance de la guerre froide<\/strong><\/span><\/p>\n\n\n\n<p><span style=\"color: #0000ff;\"><strong>Pb 1 : Comment s&rsquo;organisent les deux blocs au d\u00e9but de la guerre froide ?<\/strong><\/span><\/p>\n\n\n\n<p><span style=\"color: #0000ff;\"><strong>A la maison (1)<\/strong>, j&rsquo;\u00e9cris le titre du chapitre, la probl\u00e9matique g\u00e9n\u00e9rale, le I. et la Pb 1. Je recopie ensuite les d\u00e9finitions de :<\/span><\/p>\n\n\n\n<ul>\n<li><span style=\"color: #ff0000;\"><strong>La Guerre froide :<\/strong> p\u00e9riode allant de 1947 \u00e0 1991 durant laquelle les \u00c9tats-Unis et l&rsquo;URSS s&rsquo;affrontent sans se faire directement la guerre.<br><\/span><\/li>\n\n\n\n<li><span style=\"color: #ff0000;\"><strong>Plan Marshall : <\/strong>Aide financi\u00e8re accord\u00e9e par les \u00c9tats-Unis aux pays d&rsquo;Europe pour leur reconstruction apr\u00e8s la guerre. Elle est accept\u00e9e par la plupart des pays d&rsquo;Europe de l&rsquo;Ouest.<\/span><\/li>\n\n\n\n<li><span style=\"color: #ff0000;\"><strong>OTAN : <\/strong>organisation militaire qui rassemble les \u00c9tats-Unis et les pays d&rsquo;Europe de l&rsquo;ouest depuis 1949.<strong><br><\/strong><\/span><\/li>\n\n\n\n<li><span style=\"color: #ff0000;\"><strong> Pacte de Varsovie : <\/strong>Alliance militaire conclue en 1955 entre l&rsquo;URSS et les pays communistes d&rsquo;Europe de l&rsquo;est.<strong><br><\/strong><\/span><\/li>\n\n\n\n<li><span style=\"color: #ff0000;\"><strong>Imp\u00e9rialisme :<\/strong> tendance d&rsquo;un pays \u00e0 imposer \u00e0 d&rsquo;autres pays sa domination politique et \u00e9conomique.<\/span><\/li>\n\n\n\n<li><span style=\"color: #ff0000;\"><strong>La satellisation :<\/strong> domination des pays d&rsquo;Europe de l&rsquo;Est (les pays satellites) qui deviennent d\u00e9pendants de l&rsquo;URSS.<\/span><\/li>\n<\/ul>\n\n\n\n<p><span style=\"color: #0000ff;\"><strong>En classe (1)<\/strong>, je regarde ensuite la vid\u00e9o ci-dessous sur la naissance de la guerre froide compl\u00e9ter&nbsp;<\/span> <a href=\"https:\/\/www.saintmaurautrement.com\/wp-content\/uploads\/2015\/04\/les-2-blocs.pdf\" target=\"_blank\" rel=\"noopener noreferrer\">le tableau des 2 blocs<\/a> <span style=\"color: #0000ff;\">que je colle dans mon cahier. Je peux m&rsquo;aider des pages 120-121-122-123.<\/span><\/p>\n\n\n\n<p><iframe loading=\"lazy\" src=\"https:\/\/www.youtube.com\/embed\/nugjWYjKX8s\" width=\"560\" height=\"315\" frameborder=\"0\" allowfullscreen=\"allowfullscreen\"><\/iframe><\/p>\n\n\n\n<p><span style=\"color: #ff0000;\"><strong>II. L&rsquo;Allemagne et Berlin, enjeux de la guerre froide<\/strong><span style=\"color: #000000;\"><strong><br><\/strong><\/span><\/span><\/p>\n\n\n\n<p><span style=\"color: #0000ff;\"><strong>Pb2 : Qu&rsquo;est ce qui fait de Berlin un lieu symbolique de l&rsquo;affrontement entre les deux blocs de 1948 \u00e0 1989 ?<\/strong><\/span><\/p>\n\n\n\n<p><span style=\"color: #0000ff;\">A) <span style=\"text-decoration: underline;\">Le blocus de Berlin (1948-1949)<\/span><\/span><\/p>\n\n\n\n<p><span style=\"color: #0000ff;\"><strong>A la maison (2)<\/strong>, j&rsquo;\u00e9cris le titre du III et du A).&nbsp;<\/span><\/p>\n\n\n\n<p><span style=\"color: #0000ff;\">Je regarde ensuite cette vid\u00e9o : la mont\u00e9e du communisme en 1948 et le blocus de Berlin<\/span><\/p>\n\n\n\n<p><a href=\"https:\/\/www.lumni.fr\/video\/la-montee-du-communisme-en-1948-et-le-blocus-de-berlin\">https:\/\/www.lumni.fr\/video\/la-montee-du-communisme-en-1948-et-le-blocus-de-berlin<\/a><\/p>\n\n\n\n<p><\/p>\n\n\n\n<p><span style=\"color: #0000ff;\"><strong>En classe (2)<\/strong>, je lis les documents du dossier <strong><em>Le Blocus de Berlin<\/em><\/strong> (Extrait du Manuel Hatier 2016) puis je r\u00e9ponds sur mon cahier \u00e0 ces questions :<\/span><\/p>\n\n\n\n<ul>\n<li><span style=\"color: #0000ff;\">1) Quelle est la situation de l&rsquo;Allemagne apr\u00e8s le 8 mai 1945 ? (doc.2)<\/span><\/li>\n\n\n\n<li><span style=\"color: #0000ff;\">2) Quelle est la situation particuli\u00e8re de Berlin ? (doc.2 )<\/span><\/li>\n\n\n\n<li><span style=\"color: #0000ff;\">3) Que d\u00e9cide l&rsquo;URSS en juin 1948 ? Pourquoi ? (docs.3 et 4)<\/span><\/li>\n\n\n\n<li><span style=\"color: #0000ff;\">4) Quelle est la r\u00e9action des \u00c9tats-Unis ? (doc.6)<\/span><\/li>\n\n\n\n<li><span style=\"color: #0000ff;\">5) Comment se termine la crise du blocus de Berlin ? (docs.5 + chronologie p.124)<\/span><\/li>\n<\/ul>\n\n\n\n<figure class=\"wp-block-image\"><a href=\"https:\/\/www.saintmaurautrement.com\/wp-content\/uploads\/2022\/05\/0E0AC89F-0F20-4175-AC59-097973C53918.jpeg\"><img decoding=\"async\" loading=\"lazy\" width=\"620\" height=\"436\" src=\"https:\/\/www.saintmaurautrement.com\/wp-content\/uploads\/2022\/05\/0E0AC89F-0F20-4175-AC59-097973C53918-620x436.jpeg\" alt=\"\" class=\"wp-image-7790\" srcset=\"https:\/\/www.saintmaurautrement.com\/wp-content\/uploads\/2022\/05\/0E0AC89F-0F20-4175-AC59-097973C53918-620x436.jpeg 620w, https:\/\/www.saintmaurautrement.com\/wp-content\/uploads\/2022\/05\/0E0AC89F-0F20-4175-AC59-097973C53918-940x662.jpeg 940w, https:\/\/www.saintmaurautrement.com\/wp-content\/uploads\/2022\/05\/0E0AC89F-0F20-4175-AC59-097973C53918-300x211.jpeg 300w, https:\/\/www.saintmaurautrement.com\/wp-content\/uploads\/2022\/05\/0E0AC89F-0F20-4175-AC59-097973C53918-768x541.jpeg 768w, https:\/\/www.saintmaurautrement.com\/wp-content\/uploads\/2022\/05\/0E0AC89F-0F20-4175-AC59-097973C53918-1536x1081.jpeg 1536w, https:\/\/www.saintmaurautrement.com\/wp-content\/uploads\/2022\/05\/0E0AC89F-0F20-4175-AC59-097973C53918.jpeg 1945w\" sizes=\"(max-width: 620px) 100vw, 620px\" \/><\/a><\/figure>\n\n\n\n<p><span style=\"color: #0000ff;\">B) <span style=\"text-decoration: underline;\">Le mur de Berlin (1961-1989) , symbole de la guerre froide.<\/span><\/span><\/p>\n\n\n\n<p class=\"has-text-color\" style=\"color:#0711e3\"><strong>A la maison (3)<\/strong>, j&rsquo;\u00e9cris le titre du B) et je recopie les d\u00e9finitions suivantes :<\/p>\n\n\n\n<ul class=\"has-vivid-red-color has-text-color\">\n<li><strong>Blocus<\/strong> : isolement d&rsquo;un territoire dans le but de couper l&rsquo;acc\u00e8s \u00e0 tout ravitaillement.<\/li>\n\n\n\n<li><strong>RFA<\/strong> : R\u00e9publique F\u00e9d\u00e9rale d&rsquo;Allemagne. \u00c9tat ouest-allemand fond\u00e9 en mai 1949 et alli\u00e9 du bloc am\u00e9ricain.<\/li>\n\n\n\n<li><strong>RDA<\/strong> : R\u00e9publique D\u00e9mocratique allemande. \u00c9tat est-allemand fond\u00e9 en octobre 1949 et alli\u00e9 du bloc sovi\u00e9tique.<\/li>\n\n\n\n<li><strong>Rideau de fer : <\/strong>Expression utilis\u00e9e pour d\u00e9signer le partage de l&rsquo;Europe en deux.<\/li>\n<\/ul>\n\n\n\n<p><span style=\"color: #0000ff;\"><strong>En classe (2)<\/strong>, j&rsquo;\u00e9cris le titre du&nbsp; B) puis je r\u00e9ponds \u00e0 l&rsquo;oral \u00e0 ces questions apr\u00e8s avoir lu et observ\u00e9 les documents p.124-125 :<\/span><\/p>\n\n\n\n<ul>\n<li><span style=\"color: #0000ff;\">6) A quelle date le mur de Berlin est-il construit ? Quelle raison pousse l&rsquo;Allemagne de l&rsquo;Est \u00e0 construire ce mur ? (Chronologie et docs.2 et 3)<\/span><\/li>\n\n\n\n<li><span style=\"color: #0000ff;\">7) Quelle sont les cons\u00e9quences de la construction du mur pour la population ? (Doc. 4)<\/span><\/li>\n\n\n\n<li><span style=\"color: #0000ff;\">8) Relevez les critiques formul\u00e9es par J.F.Kennedy. Pourquoi dit-il \u00ab\u00a0Je suis un berlinois\u00a0\u00bb ? (doc.5)<\/span><span style=\"color: #0000ff;\"><br><\/span><\/li>\n\n\n\n<li><span style=\"color: #0000ff;\">9) A quelle date le mur de Berlin est-il \u00ab\u00a0tomb\u00e9\u00a0\u00bb ? En quelle ann\u00e9e, les deux Allemagne sont-elles r\u00e9unifi\u00e9es ? (doc.5 p131 !)<br><\/span><\/li>\n<\/ul>\n\n\n\n<p><span style=\"color: #0000ff;\">Apr\u00e8s les corrections, j&rsquo;\u00e9cris le bilan 1<\/span><\/p>\n\n\n\n<p><span style=\"color: #ff0000;\"><strong>III Les autres crises de la guerre froide<\/strong><\/span><\/p>\n\n\n\n<ul>\n<li><span style=\"color: #ff0000;\"><strong>embargo : <\/strong>Mesure de contrainte prise \u00e0 l&rsquo;encontre d&rsquo;un pays, interdisant l&rsquo;exportation de certaines marchandises.<\/span><\/li>\n<\/ul>\n\n\n\n<p><span style=\"color: #0000ff;\"><strong>A la maison (3)<\/strong>, j&rsquo;\u00e9cris le titre du III et je recopie la d\u00e9finition d&#8217;embargo. <\/span><\/p>\n\n\n\n<p><span style=\"color: #0000ff;\"><strong>En classe (3)<\/strong>, je regarde ces 3&nbsp; vid\u00e9os de lumni.fr :<\/span><\/p>\n\n\n\n<ul>\n<li><span style=\"color: #0000ff;\"><em>Les deux Cor\u00e9es<\/em> (Geopoliticus ) en cliquant sur ce lien<\/span><a href=\"https:\/\/www.lumni.fr\/video\/les-deux-coree#containerType=serie&amp;containerSlug=geopoliticus\" target=\"_blank\" rel=\"noopener noreferrer\"> https:\/\/www.lumni.fr\/video\/les-deux-coree#containerType=serie&amp;containerSlug=geopoliticus<\/a><\/li>\n\n\n\n<li><span style=\"color: #0000ff;\">La crise des missiles de Cuba :<\/span> <a href=\"https:\/\/www.lumni.fr\/video\/la-crise-des-missiles-de-cuba\" target=\"_blank\" rel=\"noopener noreferrer\">https:\/\/www.lumni.fr\/video\/la-crise-des-missiles-de-cuba<\/a><\/li>\n\n\n\n<li><span style=\"color: #0000ff;\">Premiers pas dans l&rsquo;espace, des V2 \u00e0 Spoutnik (Points de rep\u00e8res) : <a style=\"color: #0000ff;\" href=\"https:\/\/www.lumni.fr\/video\/premiers-pas-dans-l-espace-des-v2-a-spoutnik#containerType=serie&amp;containerSlug=points-de-reperes\" target=\"_blank\" rel=\"noopener noreferrer\">https:\/\/www.lumni.fr\/video\/premiers-pas-dans-l-espace-des-v2 a-spoutnik#containerType=serie&amp;containerSlug=points-de-reperes<\/a><\/span><\/li>\n<\/ul>\n\n\n\n<p><span style=\"color: #0000ff;\">Je r\u00e9ponds \u00e0 ces trois questions :<\/span><\/p>\n\n\n\n<ul>\n<li><span style=\"color: #0000ff;\">10) Relevez sur la frise un conflit se d\u00e9roulant pendant la guerre froide (chronologie p.117)<br><\/span><\/li>\n\n\n\n<li><span style=\"color: #0000ff;\">11) Relevez&nbsp; une autre crise (et sa date) se d\u00e9roulant pendant la guerre froide (chronologie p.117 + docs p.126-127)<\/span><\/li>\n\n\n\n<li><span style=\"color: #0000ff;\">12) Dans quels autres domaines&nbsp; les deux superpuissances s&rsquo;affrontent-elles aussi (doc. p.128-129 ?<\/span><\/li>\n<\/ul>\n\n\n\n<p><span style=\"color: #0000ff;\">Apr\u00e8s la correction, j&rsquo;\u00e9cris ensuite avec mon professeur&nbsp; le bilan du II et du III des crises et des affrontements indirects entre les 2 superpuissances.<\/span><\/p>\n\n\n\n<p><span style=\"color: #ff0000;\"><strong>IV La chute de l&rsquo;URSS et la fin de la guerre froide <\/strong><span style=\"color: #000000;\"><strong><br><\/strong><\/span><\/span><\/p>\n\n\n\n<p><span style=\"color: #0000ff;\"><strong>A la maison (4)<\/strong>, j&rsquo;\u00e9cris le titre du III puis je recopie les d\u00e9finitions de :<\/span><\/p>\n\n\n\n<ul>\n<li><span style=\"color: #ff0000;\"><strong>D\u00e9tente<\/strong> : P\u00e9riode d&rsquo;apaisement entre les \u00c9tats-Unis et l&rsquo;URSS.<\/span><\/li>\n\n\n\n<li><span style=\"color: #ff0000;\"><strong>La glasnost <\/strong>(\u00ab\u00a0transparence\u00a0\u00bb en russe) : programme de r\u00e9formes en URSS pour abolir la censure et rendre la libert\u00e9 de pens\u00e9e et d&rsquo;expression.<strong><br><\/strong><\/span><\/li>\n\n\n\n<li><span style=\"color: #ff0000;\"><strong>La prestro\u00efka<\/strong> (\u00ab\u00a0restructuration\u00a0\u00bb en russe) : programme de r\u00e9forme pour am\u00e9liorer l&rsquo;\u00e9conomie sovi\u00e9tique et augmenter le niveau de vie.<\/span><span style=\"color: #008000;\"><strong><br><\/strong><\/span><\/li>\n<\/ul>\n\n\n\n<p><span style=\"color: #0000ff;\">Je regarde ensuite la vid\u00e9o ci-dessous :<\/span><\/p>\n\n\n\n<p><iframe loading=\"lazy\" src=\"https:\/\/www.youtube.com\/embed\/GCSXt6tqayM\" width=\"560\" height=\"315\" frameborder=\"0\" allowfullscreen=\"allowfullscreen\"><\/iframe><\/p>\n\n\n\n<p><span style=\"color: #0000ff;\"><strong>En classe (4)<\/strong>,&nbsp; je regarde la vid\u00e9o <em>Mikha\u00efl Gorbatchev, prix Nobel pour son r\u00f4le dans la fin de la guerre froide<\/em> en cliquant sur ce lien<\/span><a href=\"https:\/\/www.lumni.fr\/video\/1990-mikhail-gorbatchev-prix-nobel-pour-son-role-dans-la-fin-de-la-guerre-froide\" target=\"_blank\" rel=\"noopener noreferrer\"> https:\/\/www.lumni.fr\/video\/1990-mikhail-gorbatchev-prix-nobel-pour-son-role-dans-la-fin-de-la-guerre-froide<\/a> <span style=\"color: #0000ff;\">puis je je lis le document ci-dessous <em>Gorbatchev dresse le bilan de l&rsquo;\u00e9chec de l&rsquo;URSS<\/em> pour r\u00e9pondre \u00e0 ces&nbsp; questions :<\/span><\/p>\n\n\n\n<ul>\n<li><span style=\"color: #0000ff;\">12) Qui est Mikha\u00efl Gorbatchev (biographie p.132 + doc.3 p.131) ?<br><\/span><\/li>\n\n\n\n<li><span style=\"color: #0000ff;\">13) D&rsquo;apr\u00e8s l&rsquo;auteur, quelles sont les richesses de l&rsquo;URSS ?<\/span><\/li>\n\n\n\n<li><span style=\"color: #0000ff;\">14) Malgr\u00e9 ces richesses, quel constat fait Gorbatchev du syst\u00e8me sovi\u00e9tique ?<\/span><\/li>\n\n\n\n<li><span style=\"color: #0000ff;\">15) D&rsquo;apr\u00e8s l&rsquo;auteur, qu&rsquo;est ce \u00ab\u00a0qui a priv\u00e9 le pays de la possibilit\u00e9 qu&rsquo;il aurait eue depuis longtemps de devenir heureux et prosp\u00e8re\u00a0\u00bb ?<\/span><\/li>\n\n\n\n<li><span style=\"color: #0000ff;\">16) Qu&rsquo;annonce Gorbatchev le 25 d\u00e9cembre 1991 ?<\/span><\/li>\n<\/ul>\n\n\n<div class=\"wp-block-image\">\n<figure class=\"aligncenter\"><a href=\"https:\/\/www.saintmaurautrement.com\/wp-content\/uploads\/2021\/05\/3eme-Gorbatchev-dresse-le-bilan-de-lechec-de-lURSS.jpg\"><img decoding=\"async\" loading=\"lazy\" width=\"390\" height=\"560\" src=\"https:\/\/www.saintmaurautrement.com\/wp-content\/uploads\/2021\/05\/3eme-Gorbatchev-dresse-le-bilan-de-lechec-de-lURSS.jpg\" alt=\"\" class=\"wp-image-6279\" srcset=\"https:\/\/www.saintmaurautrement.com\/wp-content\/uploads\/2021\/05\/3eme-Gorbatchev-dresse-le-bilan-de-lechec-de-lURSS.jpg 390w, https:\/\/www.saintmaurautrement.com\/wp-content\/uploads\/2021\/05\/3eme-Gorbatchev-dresse-le-bilan-de-lechec-de-lURSS-300x431.jpg 300w\" sizes=\"(max-width: 390px) 100vw, 390px\" \/><\/a><\/figure><\/div>\n\n\n<p><span style=\"color: #0000ff;\">A l&rsquo;oral, j&rsquo;\u00e9tudie la carte&nbsp;&nbsp; <em>Le morcellement de l&rsquo;URSS en 1991<\/em> (manuel Hatier, 2012) pour r\u00e9pondre \u00e0 cette question : Quels sont les \u00c9tats issus de l&rsquo;URSS en Europe, dans le Caucase et&nbsp; en Asie centrale ?<\/span><\/p>\n\n\n<div class=\"wp-block-image\">\n<figure class=\"aligncenter\"><a href=\"https:\/\/www.saintmaurautrement.com\/wp-content\/uploads\/2019\/04\/morcellement-urss.png\"><img decoding=\"async\" loading=\"lazy\" width=\"300\" height=\"176\" src=\"https:\/\/www.saintmaurautrement.com\/wp-content\/uploads\/2019\/04\/morcellement-urss-300x176.png\" alt=\"\" class=\"wp-image-4003\" srcset=\"https:\/\/www.saintmaurautrement.com\/wp-content\/uploads\/2019\/04\/morcellement-urss-300x176.png 300w, https:\/\/www.saintmaurautrement.com\/wp-content\/uploads\/2019\/04\/morcellement-urss-620x364.png 620w, https:\/\/www.saintmaurautrement.com\/wp-content\/uploads\/2019\/04\/morcellement-urss-768x452.png 768w, https:\/\/www.saintmaurautrement.com\/wp-content\/uploads\/2019\/04\/morcellement-urss-940x553.png 940w, https:\/\/www.saintmaurautrement.com\/wp-content\/uploads\/2019\/04\/morcellement-urss.png 1041w\" sizes=\"(max-width: 300px) 100vw, 300px\" \/><\/a><\/figure><\/div>\n\n\n<p><span style=\"color: #0000ff;\">J&rsquo;\u00e9cris ensuite le bilan du III et la conclusion du chapitre construits avec mon professeur.<\/span><\/p>\n\n\n\n<p class=\"has-text-align-center\"><strong><span style=\"color: #008000;\">POUR PR\u00c9PARER ET R\u00c9USSIR L&rsquo;\u00c9VALUATION<\/span><br><\/strong><\/p>\n\n\n\n<ul>\n<li><span style=\"color: #0000ff;\">je relis les activit\u00e9s faites sur le cahier<\/span><\/li>\n\n\n\n<li><span style=\"color: #0000ff;\">j&rsquo;apprends le vocabulaire et les bilans<\/span><\/li>\n\n\n\n<li><span style=\"color: #0000ff;\">J&rsquo;apprends autrement \u00e0 l&rsquo;aide de la carte mentale num\u00e9rique p.132<br><\/span><\/li>\n\n\n\n<li><span style=\"color: #0000ff;\">je revois toutes les vid\u00e9os de ce chapitre et celles de synth\u00e8se en bas de cette page.<\/span><\/li>\n\n\n\n<li><span style=\"color: #0000ff;\">je teste mes connaissances \u00e0 l&rsquo;aide du quiz num\u00e9rique<\/span><\/li>\n<\/ul>\n\n\n\n<p><iframe loading=\"lazy\" src=\"https:\/\/www.youtube-nocookie.com\/embed\/wLbiG836WBM?rel=0\" width=\"560\" height=\"315\" frameborder=\"0\" allowfullscreen=\"allowfullscreen\"><\/iframe><br><iframe loading=\"lazy\" src=\"https:\/\/www.youtube-nocookie.com\/embed\/69DLJk1_2lg?rel=0\" width=\"560\" height=\"315\" frameborder=\"0\" allowfullscreen=\"allowfullscreen\"><\/iframe><\/p>\n\n\n\n<p><span style=\"color: #0000ff;\">Une vid\u00e9o sur l&rsquo;Allemagne et Berlin \u00e0 partir de cartes anim\u00e9es :<\/span><\/p>\n\n\n\n<p><iframe loading=\"lazy\" src=\"https:\/\/www.youtube-nocookie.com\/embed\/d3Q098CXdmM?rel=0\" width=\"560\" height=\"315\" frameborder=\"0\" allowfullscreen=\"allowfullscreen\"><\/iframe><\/p>\n\n\n\n<p><iframe loading=\"lazy\" style=\"border: none; overflow: hidden; width: 100%; height: 480px; max-width: 620px;\" src=\"http:\/\/www.topquizz.com\/app\/?quizId=44769&amp;quizKey=30ba5a74ed07743dca80e234e22ab8e5\" width=\"300\" height=\"150\" frameborder=\"0\" scrolling=\"no\"><br \/><\/iframe><\/p>\n","protected":false},"excerpt":{"rendered":"<p>Chapitre 13 &#8211; Histoire : la guerre froide (1947-1991) Probl\u00e9matique du chapitre : Au lendemain de la Seconde Guerre Mondiale, comment l&rsquo;affrontement entre les \u00c9tats-Unis et l&rsquo;URSS conduit-il \u00e0 la division du monde en deux blocs oppos\u00e9s ? AVANT DE COMMENCER Ce que j&rsquo;ai d\u00e9j\u00e0 \u00e9tudi\u00e9 en 3\u00e8me : Je prends connaissance de la fiche [&hellip;]<\/p>\n","protected":false},"author":1,"featured_media":761,"comment_status":"closed","ping_status":"closed","sticky":false,"template":"","format":"standard","meta":{"footnotes":""},"categories":[43,2],"tags":[],"_links":{"self":[{"href":"https:\/\/www.saintmaurautrement.com\/index.php?rest_route=\/wp\/v2\/posts\/749"}],"collection":[{"href":"https:\/\/www.saintmaurautrement.com\/index.php?rest_route=\/wp\/v2\/posts"}],"about":[{"href":"https:\/\/www.saintmaurautrement.com\/index.php?rest_route=\/wp\/v2\/types\/post"}],"author":[{"embeddable":true,"href":"https:\/\/www.saintmaurautrement.com\/index.php?rest_route=\/wp\/v2\/users\/1"}],"replies":[{"embeddable":true,"href":"https:\/\/www.saintmaurautrement.com\/index.php?rest_route=%2Fwp%2Fv2%2Fcomments&post=749"}],"version-history":[{"count":71,"href":"https:\/\/www.saintmaurautrement.com\/index.php?rest_route=\/wp\/v2\/posts\/749\/revisions"}],"predecessor-version":[{"id":11593,"href":"https:\/\/www.saintmaurautrement.com\/index.php?rest_route=\/wp\/v2\/posts\/749\/revisions\/11593"}],"wp:featuredmedia":[{"embeddable":true,"href":"https:\/\/www.saintmaurautrement.com\/index.php?rest_route=\/wp\/v2\/media\/761"}],"wp:attachment":[{"href":"https:\/\/www.saintmaurautrement.com\/index.php?rest_route=%2Fwp%2Fv2%2Fmedia&parent=749"}],"wp:term":[{"taxonomy":"category","embeddable":true,"href":"https:\/\/www.saintmaurautrement.com\/index.php?rest_route=%2Fwp%2Fv2%2Fcategories&post=749"},{"taxonomy":"post_tag","embeddable":true,"href":"https:\/\/www.saintmaurautrement.com\/index.php?rest_route=%2Fwp%2Fv2%2Ftags&post=749"}],"curies":[{"name":"wp","href":"https:\/\/api.w.org\/{rel}","templated":true}]}}