{"id":8149,"date":"2022-03-14T14:18:00","date_gmt":"2022-03-14T12:18:00","guid":{"rendered":"http:\/\/www.saintmaurautrement.com\/?p=8149"},"modified":"2022-08-19T14:34:24","modified_gmt":"2022-08-19T12:34:24","slug":"le-voyage-a-paris-est-dans-la-presse-locale","status":"publish","type":"post","link":"https:\/\/www.saintmaurautrement.com\/?p=8149","title":{"rendered":"La presse locale s&rsquo;int\u00e9resse au voyage \u00e0 Paris !"},"content":{"rendered":"\n<p>Dans son \u00e9dition du 14 mars 2022, <a href=\"https:\/\/www.larepubliquedespyrenees.fr\/pyrenees-atlantiques\/pau\/pau-des-collegiens-de-nicolas-barre-saint-maur-en-voyage-citoyen-a-paris-9590340.php\">La R\u00e9publique des Pyr\u00e9n\u00e9es<\/a> (et L&rsquo;eclair) consacre un article au voyage \u00e0 Paris \u00ab\u00a0Citoyennet\u00e9 et M\u00e9moire\u00a0\u00bb des \u00e9l\u00e8ves de 4\u00e8me et de 3\u00e8me.<\/p>\n\n\n\n<p>Les photos du voyage de f\u00e9vrier 2022 sont consultables sur le site du coll\u00e8ge <a href=\"https:\/\/www.saintmaurpau.fr\/voyage-a-paris\/\" data-type=\"URL\" data-id=\"https:\/\/www.saintmaurpau.fr\/voyage-a-paris\/\">en cliquant sur ce lien<\/a>.<\/p>\n\n\n\n<p>Les photos du voyage des 3\u00e8me en f\u00e9vrier 2020 avec la vid\u00e9o de la c\u00e9r\u00e9monie \u00e0 l&rsquo;Arc de Triomphe  sont \u00e0 voir <a href=\"https:\/\/www.saintmaurpau.fr\/voyage-a-paris-2020\/\">en cliquant par l\u00e0<\/a>.<\/p>\n\n\n\n<figure class=\"wp-block-image size-large\"><a href=\"https:\/\/www.saintmaurautrement.com\/wp-content\/uploads\/2022\/08\/voyage-Paris-La-Rep-2022.jpeg\"><img decoding=\"async\" loading=\"lazy\" width=\"940\" height=\"1253\" src=\"https:\/\/www.saintmaurautrement.com\/wp-content\/uploads\/2022\/08\/voyage-Paris-La-Rep-2022-940x1253.jpeg\" alt=\"\" class=\"wp-image-8151\" srcset=\"https:\/\/www.saintmaurautrement.com\/wp-content\/uploads\/2022\/08\/voyage-Paris-La-Rep-2022-940x1253.jpeg 940w, https:\/\/www.saintmaurautrement.com\/wp-content\/uploads\/2022\/08\/voyage-Paris-La-Rep-2022-620x827.jpeg 620w, https:\/\/www.saintmaurautrement.com\/wp-content\/uploads\/2022\/08\/voyage-Paris-La-Rep-2022-300x400.jpeg 300w, https:\/\/www.saintmaurautrement.com\/wp-content\/uploads\/2022\/08\/voyage-Paris-La-Rep-2022-768x1024.jpeg 768w, https:\/\/www.saintmaurautrement.com\/wp-content\/uploads\/2022\/08\/voyage-Paris-La-Rep-2022.jpeg 972w\" sizes=\"(max-width: 940px) 100vw, 940px\" \/><\/a><\/figure>\n","protected":false},"excerpt":{"rendered":"<p>Dans son \u00e9dition du 14 mars 2022, La R\u00e9publique des Pyr\u00e9n\u00e9es (et L&rsquo;eclair) consacre un article au voyage \u00e0 Paris \u00ab\u00a0Citoyennet\u00e9 et M\u00e9moire\u00a0\u00bb des \u00e9l\u00e8ves de 4\u00e8me et de 3\u00e8me. Les photos du voyage de f\u00e9vrier 2022 sont consultables sur le site du coll\u00e8ge en cliquant sur ce lien. Les photos du voyage des 3\u00e8me [&hellip;]<\/p>\n","protected":false},"author":1,"featured_media":8151,"comment_status":"closed","ping_status":"closed","sticky":false,"template":"","format":"standard","meta":{"footnotes":""},"categories":[62],"tags":[],"_links":{"self":[{"href":"https:\/\/www.saintmaurautrement.com\/index.php?rest_route=\/wp\/v2\/posts\/8149"}],"collection":[{"href":"https:\/\/www.saintmaurautrement.com\/index.php?rest_route=\/wp\/v2\/posts"}],"about":[{"href":"https:\/\/www.saintmaurautrement.com\/index.php?rest_route=\/wp\/v2\/types\/post"}],"author":[{"embeddable":true,"href":"https:\/\/www.saintmaurautrement.com\/index.php?rest_route=\/wp\/v2\/users\/1"}],"replies":[{"embeddable":true,"href":"https:\/\/www.saintmaurautrement.com\/index.php?rest_route=%2Fwp%2Fv2%2Fcomments&post=8149"}],"version-history":[{"count":2,"href":"https:\/\/www.saintmaurautrement.com\/index.php?rest_route=\/wp\/v2\/posts\/8149\/revisions"}],"predecessor-version":[{"id":8154,"href":"https:\/\/www.saintmaurautrement.com\/index.php?rest_route=\/wp\/v2\/posts\/8149\/revisions\/8154"}],"wp:featuredmedia":[{"embeddable":true,"href":"https:\/\/www.saintmaurautrement.com\/index.php?rest_route=\/wp\/v2\/media\/8151"}],"wp:attachment":[{"href":"https:\/\/www.saintmaurautrement.com\/index.php?rest_route=%2Fwp%2Fv2%2Fmedia&parent=8149"}],"wp:term":[{"taxonomy":"category","embeddable":true,"href":"https:\/\/www.saintmaurautrement.com\/index.php?rest_route=%2Fwp%2Fv2%2Fcategories&post=8149"},{"taxonomy":"post_tag","embeddable":true,"href":"https:\/\/www.saintmaurautrement.com\/index.php?rest_route=%2Fwp%2Fv2%2Ftags&post=8149"}],"curies":[{"name":"wp","href":"https:\/\/api.w.org\/{rel}","templated":true}]}}