{"id":8159,"date":"2021-11-25T14:38:00","date_gmt":"2021-11-25T12:38:00","guid":{"rendered":"http:\/\/www.saintmaurautrement.com\/?p=8159"},"modified":"2022-08-19T14:46:33","modified_gmt":"2022-08-19T12:46:33","slug":"les-eleves-de-6eme-ont-vecu-une-journee-dans-la-peau-dun-homme-prehistorique","status":"publish","type":"post","link":"https:\/\/www.saintmaurautrement.com\/?p=8159","title":{"rendered":"Les \u00e9l\u00e8ves de 6\u00e8me ont v\u00e9cu une journ\u00e9e dans la peau d\u2019un homme pr\u00e9historique"},"content":{"rendered":"\n<p>Tous les \u00e9l\u00e8ves de 6<sup>\u00e8me<\/sup> ont pass\u00e9 la journ\u00e9e du 18 novembre 2021 sur <a href=\"https:\/\/www.prehistoire-brassempouy.fr\/\">le site pr\u00e9historique de Brassempouy<\/a> dans les Landes.<\/p>\n\n\n\n<p>Cette journ\u00e9e a \u00e9t\u00e9 l\u2019occasion de faire classe en dehors des murs du coll\u00e8ge et de contribuer \u00e0 l\u2019\u00e9veil culturel des \u00e9l\u00e8ves qui ont pu d\u00e9couvrir la plus ancienne repr\u00e9sentation humaine dat\u00e9e d\u2019il y a 35&nbsp;000 ans&nbsp;: la Dames de Brassempouy. Les \u00e9l\u00e8ves ont ainsi pu r\u00e9investir les connaissances \u00e9tudi\u00e9es en cours d\u2019histoire.<\/p>\n\n\n\n<p>Ainsi, tous les \u00e9l\u00e8ves ont pu d\u00e9couvrir un campement de la pr\u00e9histoire, la taille du Silex, apprendre \u00e0 faire du feu et s\u2019initier \u00e0 la chasse en s\u2019exer\u00e7ant au lancer d\u2019une sagaie.<\/p>\n\n\n\n<p>Chacune des 3 classes a \u00e9galement particip\u00e9 \u00e0 des ateliers sp\u00e9cifiques en lien avec leur parcours et les mati\u00e8res scientifiques et artistiques.<\/p>\n\n\n\n<p>Les 6<sup>\u00e8me<\/sup>2 du parcours \u00ab&nbsp;Arts et Culture&nbsp;\u00bb&nbsp;se sont initi\u00e9s \u00e0 la peinture pari\u00e9tale et ont fabriqu\u00e9 un instrument de musique.<\/p>\n\n\n\n<p>Les 6<sup>\u00e8me<\/sup>1 ont effectu\u00e9 des fouilles arch\u00e9ologiques et se sont familiaris\u00e9s avec le travail m\u00e9ticuleux et m\u00e9thodique des arch\u00e9ologues.<\/p>\n\n\n\n<p>Les 6<sup>\u00e8me<\/sup>3 ont fait appel \u00e0 leur esprit scientifique avec le travail en laboratoire pour exploiter et valoriser les d\u00e9couvertes faites sur le terrain.<\/p>\n\n\n\n<p>Avant la visite, un travail pr\u00e9paratoire et de recherche a \u00e9t\u00e9 effectu\u00e9 au CDI avec la documentaliste et le professeur d\u2019histoire.<\/p>\n\n\n\n<p>[Cet article est \u00e0 retrouver aussi sur le site internet du coll\u00e8ge en cliquant <a href=\"https:\/\/www.saintmaurpau.fr\/les-eleves-de-6eme-ont-vecu-une-journee-dans-la-peau-dun-homme-prehistorique\/\">sur ce lien<\/a>.]<\/p>\n\n\n\n<figure class=\"wp-block-image\"><img decoding=\"async\" src=\"https:\/\/sp-ao.shortpixel.ai\/client\/to_webp,q_glossy,ret_img,w_200,h_200\/https:\/\/www.saintmaurpau.fr\/wp-content\/uploads\/2021\/12\/Brassempouy_1-200x200.jpg\" alt=\"\"\/><\/figure>\n\n\n\n<figure class=\"wp-block-image\"><img decoding=\"async\" src=\"https:\/\/sp-ao.shortpixel.ai\/client\/to_webp,q_glossy,ret_img,w_200,h_200\/https:\/\/www.saintmaurpau.fr\/wp-content\/uploads\/2021\/12\/Brassempouy_2-200x200.jpg\" alt=\"\"\/><\/figure>\n\n\n\n<figure class=\"wp-block-image\"><img decoding=\"async\" src=\"https:\/\/sp-ao.shortpixel.ai\/client\/to_webp,q_glossy,ret_img,w_200,h_200\/https:\/\/www.saintmaurpau.fr\/wp-content\/uploads\/2021\/12\/Brassempouy_3-200x200.jpg\" alt=\"\"\/><\/figure>\n\n\n\n<figure class=\"wp-block-image\"><img decoding=\"async\" src=\"https:\/\/sp-ao.shortpixel.ai\/client\/to_webp,q_glossy,ret_img,w_200,h_200\/https:\/\/www.saintmaurpau.fr\/wp-content\/uploads\/2021\/12\/Brassempouy_4-200x200.jpg\" alt=\"\"\/><\/figure>\n\n\n\n<figure class=\"wp-block-image\"><img decoding=\"async\" src=\"https:\/\/sp-ao.shortpixel.ai\/client\/to_webp,q_glossy,ret_img,w_200,h_200\/https:\/\/www.saintmaurpau.fr\/wp-content\/uploads\/2021\/12\/Brassempouy_5-200x200.jpg\" alt=\"\"\/><\/figure>\n\n\n\n<figure class=\"wp-block-image\"><img decoding=\"async\" src=\"https:\/\/sp-ao.shortpixel.ai\/client\/to_webp,q_glossy,ret_img,w_200,h_200\/https:\/\/www.saintmaurpau.fr\/wp-content\/uploads\/2021\/12\/Brassempouy_6-200x200.jpg\" alt=\"\"\/><\/figure>\n\n\n\n<figure class=\"wp-block-image\"><img decoding=\"async\" src=\"https:\/\/sp-ao.shortpixel.ai\/client\/to_webp,q_glossy,ret_img,w_200,h_200\/https:\/\/www.saintmaurpau.fr\/wp-content\/uploads\/2021\/12\/Brassempouy_7-200x200.jpg\" alt=\"\"\/><\/figure>\n\n\n\n<figure class=\"wp-block-image\"><img decoding=\"async\" src=\"https:\/\/sp-ao.shortpixel.ai\/client\/to_webp,q_glossy,ret_img,w_200,h_200\/https:\/\/www.saintmaurpau.fr\/wp-content\/uploads\/2021\/12\/Brassempouy_8-200x200.jpg\" alt=\"\"\/><\/figure>\n\n\n\n<figure class=\"wp-block-image\"><img decoding=\"async\" src=\"https:\/\/sp-ao.shortpixel.ai\/client\/to_webp,q_glossy,ret_img,w_200,h_200\/https:\/\/www.saintmaurpau.fr\/wp-content\/uploads\/2021\/12\/Brassempouy_9-200x200.jpg\" alt=\"\"\/><\/figure>\n\n\n\n<figure class=\"wp-block-image\"><img decoding=\"async\" src=\"https:\/\/sp-ao.shortpixel.ai\/client\/to_webp,q_glossy,ret_img,w_200,h_200\/https:\/\/www.saintmaurpau.fr\/wp-content\/uploads\/2021\/12\/Brassempouy_91-200x200.jpg\" alt=\"\"\/><\/figure>\n\n\n\n<figure class=\"wp-block-image\"><img decoding=\"async\" src=\"https:\/\/sp-ao.shortpixel.ai\/client\/to_webp,q_glossy,ret_img,w_200,h_200\/https:\/\/www.saintmaurpau.fr\/wp-content\/uploads\/2021\/12\/Brassempouy_92-200x200.jpg\" alt=\"\"\/><\/figure>\n\n\n\n<figure class=\"wp-block-image\"><img decoding=\"async\" src=\"https:\/\/sp-ao.shortpixel.ai\/client\/to_webp,q_glossy,ret_img,w_200,h_200\/https:\/\/www.saintmaurpau.fr\/wp-content\/uploads\/2021\/12\/Brassempouy_93-200x200.jpg\" alt=\"\"\/><\/figure>\n\n\n\n<figure class=\"wp-block-image\"><img decoding=\"async\" src=\"https:\/\/sp-ao.shortpixel.ai\/client\/to_webp,q_glossy,ret_img,w_200,h_200\/https:\/\/www.saintmaurpau.fr\/wp-content\/uploads\/2021\/12\/Brassempouy_94-200x200.jpg\" alt=\"\"\/><\/figure>\n\n\n\n<figure class=\"wp-block-image\"><img decoding=\"async\" src=\"https:\/\/sp-ao.shortpixel.ai\/client\/to_webp,q_glossy,ret_img,w_200,h_200\/https:\/\/www.saintmaurpau.fr\/wp-content\/uploads\/2021\/12\/Brassempouy_95-200x200.jpg\" alt=\"\"\/><\/figure>\n\n\n\n<figure class=\"wp-block-image\"><img decoding=\"async\" src=\"https:\/\/sp-ao.shortpixel.ai\/client\/to_webp,q_glossy,ret_img,w_200,h_200\/https:\/\/www.saintmaurpau.fr\/wp-content\/uploads\/2021\/12\/Brassempouy_96-200x200.jpg\" alt=\"\"\/><\/figure>\n\n\n\n<ul><li><a href=\"https:\/\/www.saintmaurpau.fr\/wp-content\/uploads\/2021\/12\/Brassempouy_1-768x1024.jpg\"><\/a><\/li><li><a href=\"https:\/\/www.saintmaurpau.fr\/wp-content\/uploads\/2021\/12\/Brassempouy_2-1024x576.jpg\"><\/a><\/li><li><a href=\"https:\/\/www.saintmaurpau.fr\/wp-content\/uploads\/2021\/12\/Brassempouy_3-1024x576.jpg\"><\/a><\/li><li><a href=\"https:\/\/www.saintmaurpau.fr\/wp-content\/uploads\/2021\/12\/Brassempouy_4-1024x768.jpg\"><\/a><\/li><li><a href=\"https:\/\/www.saintmaurpau.fr\/wp-content\/uploads\/2021\/12\/Brassempouy_5-1024x576.jpg\"><\/a><\/li><li><a href=\"https:\/\/www.saintmaurpau.fr\/wp-content\/uploads\/2021\/12\/Brassempouy_6-1024x576.jpg\"><\/a><\/li><li><a href=\"https:\/\/www.saintmaurpau.fr\/wp-content\/uploads\/2021\/12\/Brassempouy_7-1024x768.jpg\"><\/a><\/li><li><a href=\"https:\/\/www.saintmaurpau.fr\/wp-content\/uploads\/2021\/12\/Brassempouy_8-768x1024.jpg\"><\/a><\/li><li><a href=\"https:\/\/www.saintmaurpau.fr\/wp-content\/uploads\/2021\/12\/Brassempouy_9-768x1024.jpg\"><\/a><\/li><li><a href=\"https:\/\/www.saintmaurpau.fr\/wp-content\/uploads\/2021\/12\/Brassempouy_91-578x1024.jpg\"><\/a><\/li><li><a href=\"https:\/\/www.saintmaurpau.fr\/wp-content\/uploads\/2021\/12\/Brassempouy_92-1024x576.jpg\"><\/a><\/li><li><a href=\"https:\/\/www.saintmaurpau.fr\/wp-content\/uploads\/2021\/12\/Brassempouy_93-1024x576.jpg\"><\/a><\/li><li><a href=\"https:\/\/www.saintmaurpau.fr\/wp-content\/uploads\/2021\/12\/Brassempouy_94-1024x578.jpg\"><\/a><\/li><li><a href=\"https:\/\/www.saintmaurpau.fr\/wp-content\/uploads\/2021\/12\/Brassempouy_95-1024x576.jpg\"><\/a><\/li><li><a href=\"https:\/\/www.saintmaurpau.fr\/wp-content\/uploads\/2021\/12\/Brassempouy_96-768x1024.jpg\"><\/a><\/li><\/ul>\n","protected":false},"excerpt":{"rendered":"<p>Tous les \u00e9l\u00e8ves de 6\u00e8me ont pass\u00e9 la journ\u00e9e du 18 novembre 2021 sur le site pr\u00e9historique de Brassempouy dans les Landes. Cette journ\u00e9e a \u00e9t\u00e9 l\u2019occasion de faire classe en dehors des murs du coll\u00e8ge et de contribuer \u00e0 l\u2019\u00e9veil culturel des \u00e9l\u00e8ves qui ont pu d\u00e9couvrir la plus ancienne repr\u00e9sentation humaine dat\u00e9e d\u2019il [&hellip;]<\/p>\n","protected":false},"author":1,"featured_media":8162,"comment_status":"closed","ping_status":"closed","sticky":false,"template":"","format":"standard","meta":{"footnotes":""},"categories":[45,62],"tags":[],"_links":{"self":[{"href":"https:\/\/www.saintmaurautrement.com\/index.php?rest_route=\/wp\/v2\/posts\/8159"}],"collection":[{"href":"https:\/\/www.saintmaurautrement.com\/index.php?rest_route=\/wp\/v2\/posts"}],"about":[{"href":"https:\/\/www.saintmaurautrement.com\/index.php?rest_route=\/wp\/v2\/types\/post"}],"author":[{"embeddable":true,"href":"https:\/\/www.saintmaurautrement.com\/index.php?rest_route=\/wp\/v2\/users\/1"}],"replies":[{"embeddable":true,"href":"https:\/\/www.saintmaurautrement.com\/index.php?rest_route=%2Fwp%2Fv2%2Fcomments&post=8159"}],"version-history":[{"count":1,"href":"https:\/\/www.saintmaurautrement.com\/index.php?rest_route=\/wp\/v2\/posts\/8159\/revisions"}],"predecessor-version":[{"id":8161,"href":"https:\/\/www.saintmaurautrement.com\/index.php?rest_route=\/wp\/v2\/posts\/8159\/revisions\/8161"}],"wp:featuredmedia":[{"embeddable":true,"href":"https:\/\/www.saintmaurautrement.com\/index.php?rest_route=\/wp\/v2\/media\/8162"}],"wp:attachment":[{"href":"https:\/\/www.saintmaurautrement.com\/index.php?rest_route=%2Fwp%2Fv2%2Fmedia&parent=8159"}],"wp:term":[{"taxonomy":"category","embeddable":true,"href":"https:\/\/www.saintmaurautrement.com\/index.php?rest_route=%2Fwp%2Fv2%2Fcategories&post=8159"},{"taxonomy":"post_tag","embeddable":true,"href":"https:\/\/www.saintmaurautrement.com\/index.php?rest_route=%2Fwp%2Fv2%2Ftags&post=8159"}],"curies":[{"name":"wp","href":"https:\/\/api.w.org\/{rel}","templated":true}]}}